{"id":1528,"date":"2020-04-14T11:57:11","date_gmt":"2020-04-14T11:57:11","guid":{"rendered":"https:\/\/refoodlution.com\/?p=1528"},"modified":"2020-04-14T11:57:11","modified_gmt":"2020-04-14T11:57:11","slug":"el-coronavirus-no-guanyes-la-gastronomia-espanyola","status":"publish","type":"post","link":"https:\/\/refoodlution.com\/ca\/el-coronavirus-no-guanyes-la-gastronomia-espanyola\/","title":{"rendered":"El Coronavirus no vencer\u00e0 la nostra cultura gastron\u00f2mica"},"content":{"rendered":"<div class=\"fusion-fullwidth fullwidth-box fusion-builder-row-1 nonhundred-percent-fullwidth non-hundred-percent-height-scrolling\" style=\"--awb-border-radius-top-left:0px;--awb-border-radius-top-right:0px;--awb-border-radius-bottom-right:0px;--awb-border-radius-bottom-left:0px;--awb-flex-wrap:wrap;\" ><div class=\"fusion-builder-row fusion-row\"><div class=\"fusion-layout-column fusion_builder_column fusion-builder-column-0 fusion_builder_column_1_1 1_1 fusion-one-full fusion-column-first fusion-column-last\" style=\"--awb-bg-size:cover;--awb-margin-bottom:0px;\"><div class=\"fusion-column-wrapper fusion-flex-column-wrapper-legacy\"><div class=\"fusion-text fusion-text-1\"><h2>El Coronavirus no vencer\u00e0 la nostra cultura gastron\u00f2mica<\/h2>\n<p>Cal analitzar la dieta Mediterr\u00e0nia des d&#039;una perspectiva no tan sols cultural, sin\u00f3 tamb\u00e9 hist\u00f2rica i antropol\u00f2gica. El nostre pa, vi o oli configuren la identitat dels nostres pobles i les nostres ciutats, i aix\u00ed ha estat al llarg de milers i milers d&#039;anys.<\/p>\n<\/div><div class=\"fusion-text fusion-text-2\"><p>No \u00e9s f\u00fatil considerar la nostra dieta Mediterr\u00e0nia com una filosofia de vida perqu\u00e8 a aquests aliments els acompanya, tamb\u00e9, un seguit de costums com: compartir amb els nostres, gaudir de llargues sobretaules i fins i tot permetre&#039;s \u2014els que puguin\u2014 combinar un bon \u00e0pat amb una llarga migdiada.<\/p>\n<p>Per\u00f2, m\u00e9s enll\u00e0 de la dieta Mediterr\u00e0nia o els costums que hi s\u00f3n inherents, el menjar \u2014en si mateix\u2014 s&#039;ha convertit en molt m\u00e9s que una simple necessitat com dictamina la Reial Acad\u00e8mia Espanyola. Els aliments no s\u00f3n nom\u00e9s \u201cun conjunt de subst\u00e0ncies que els \u00e9ssers vius mengen o beuen per subsistir\u201d, \u00e9s un conjunt de sensacions que experimentes amb els cinc sentits i que tenen la capacitat de transportar-te a un lloc, a un moment oa un record concret.<\/p>\n<blockquote>\n<p>Tot i aix\u00ed, sembla que la societat actual de vegades descuida algun aspecte imperdonable, com l&#039;acte de compartir el menjar amb alg\u00fa, menjar a taula i en fam\u00edlia, per deixar pas a un automatisme de menjar per menjar, de menjar perqu\u00e8 toca, i\/o de menjar en qualsevol moment sense donar-li la seva merescuda import\u00e0ncia.<\/p>\n<\/blockquote>\n<\/div><div class=\"fusion-text fusion-text-3\"><p>El problema que es presenta davant del comensal del segle XXI \u00e9s inherent a la seva naturalesa com a persona humana. Nosaltres, la gent, estem tan acostumats a certes coses que donem per fet que sempre formaran part de la nostra vida, que sempre estaran all\u00e0 i que mai desapareixeran. Doncs b\u00e9, la hist\u00f2ria ens ha demostrat \u2013una vegada m\u00e9s\u2013 que no sempre \u00e9s aix\u00ed. I ara, vivint la tr\u00e0gica situaci\u00f3 de la COVID-19 \u2014que sembla disposada a quedar-se aqu\u00ed durant un per\u00edode de temps ben llarg\u2014 \u00e9s un exemple clar de com ho podem perdre tot en un dia. Tot all\u00f2 que abans no valor\u00e0vem i considerem \u201cnormal\u201d a les nostres vides ara \u00e9s un \u201ctant de bo tornar-lo a tenir\u201d.<\/p>\n<p>\u00c9s clar que una moneda sempre t\u00e9 dues cares, aix\u00ed que la superviv\u00e8ncia del nostre sector de la restauraci\u00f3 est\u00e0 encara a la superf\u00edcie i recuperar-lo \u00e9s un deure de tots. \u00c9s ara que hem de bressolar la cuina tradicional. Recuperem aquella olor del pa pastat comprat a les petites fleques dels nostres pobles i ciutats. Tornem a apostar per aquells supermercats petits que tenen carn de primera qualitat, o pels productes del mar frescos peixos pels nostres pescadors del Mediterrani. Apostem pels nostres restaurants, els de sempre, recuperem sensacions, gustos i textures abans. Per\u00f2 tamb\u00e9 provem coses noves \u2014per qu\u00e8 no?\u2014 intentem tornar a aquest restaurant el menjar del qual d\u00e8iem que no era el nostre estil. Compartim, una altra vegada, recordant que el dem\u00e0 \u00e9s incert.<\/p>\n<p>Aix\u00ed que, per concloure, hi ha alguna cosa que us hem de preguntar: Quan voleu tornar a restablir aquests costums tan nostres, tan mediterr\u00e0nies? Com tornar a gaudir d&#039;aquelles migdiades despr\u00e9s d&#039;una paella a la costa o com brindar junts al sol, asseguts a una terrassa.<\/p>\n<\/div><div class=\"fusion-clearfix\"><\/div><\/div><\/div><\/div><\/div>","protected":false},"excerpt":{"rendered":"","protected":false},"author":4,"featured_media":1529,"comment_status":"open","ping_status":"open","sticky":false,"template":"","format":"standard","meta":{"_joinchat":[],"footnotes":""},"categories":[35],"tags":[],"class_list":["post-1528","post","type-post","status-publish","format-standard","has-post-thumbnail","hentry","category-restaurantes"],"yoast_head":"<!-- This site is optimized with the Yoast SEO plugin v25.7 - https:\/\/yoast.com\/wordpress\/plugins\/seo\/ -->\n<title>El Coronavirus no vencer\u00e1 nuestra cultura gastron\u00f3mica - Refoodlution<\/title>\n<meta name=\"robots\" content=\"index, follow, max-snippet:-1, max-image-preview:large, max-video-preview:-1\" \/>\n<link rel=\"canonical\" href=\"https:\/\/refoodlution.com\/ca\/el-coronavirus-no-guanyes-la-gastronomia-espanyola\/\" \/>\n<meta property=\"og:locale\" content=\"ca_ES\" \/>\n<meta property=\"og:type\" content=\"article\" \/>\n<meta property=\"og:title\" content=\"El Coronavirus no vencer\u00e1 nuestra cultura gastron\u00f3mica - Refoodlution\" \/>\n<meta property=\"og:url\" content=\"https:\/\/refoodlution.com\/ca\/el-coronavirus-no-guanyes-la-gastronomia-espanyola\/\" \/>\n<meta property=\"og:site_name\" content=\"Refoodlution\" \/>\n<meta property=\"article:published_time\" content=\"2020-04-14T11:57:11+00:00\" \/>\n<meta property=\"og:image\" content=\"https:\/\/refoodlution.com\/wp-content\/uploads\/2020\/04\/blog-post-134132600-copy-copy.jpg\" \/>\n\t<meta property=\"og:image:width\" content=\"1400\" \/>\n\t<meta property=\"og:image:height\" content=\"844\" \/>\n\t<meta property=\"og:image:type\" content=\"image\/jpeg\" \/>\n<meta name=\"author\" content=\"Jaume\" \/>\n<meta name=\"twitter:card\" content=\"summary_large_image\" \/>\n<meta name=\"twitter:label1\" content=\"Escrit per\" \/>\n\t<meta name=\"twitter:data1\" content=\"Jaume\" \/>\n\t<meta name=\"twitter:label2\" content=\"Temps estimat de lectura\" \/>\n\t<meta name=\"twitter:data2\" content=\"4 minuts\" \/>\n<script type=\"application\/ld+json\" class=\"yoast-schema-graph\">{\"@context\":\"https:\/\/schema.org\",\"@graph\":[{\"@type\":\"WebPage\",\"@id\":\"https:\/\/refoodlution.com\/el-coronavirus-no-vencera-la-gastronomia-espanola\/\",\"url\":\"https:\/\/refoodlution.com\/el-coronavirus-no-vencera-la-gastronomia-espanola\/\",\"name\":\"El Coronavirus no vencer\u00e1 nuestra cultura gastron\u00f3mica - Refoodlution\",\"isPartOf\":{\"@id\":\"https:\/\/refoodlution.com\/en\/#website\"},\"primaryImageOfPage\":{\"@id\":\"https:\/\/refoodlution.com\/el-coronavirus-no-vencera-la-gastronomia-espanola\/#primaryimage\"},\"image\":{\"@id\":\"https:\/\/refoodlution.com\/el-coronavirus-no-vencera-la-gastronomia-espanola\/#primaryimage\"},\"thumbnailUrl\":\"https:\/\/refoodlution.com\/wp-content\/uploads\/2020\/04\/blog-post-134132600-copy-copy.jpg\",\"datePublished\":\"2020-04-14T11:57:11+00:00\",\"author\":{\"@id\":\"https:\/\/refoodlution.com\/en\/#\/schema\/person\/3965b35f8c0fa5b9ba5b9e32eb0fac7b\"},\"breadcrumb\":{\"@id\":\"https:\/\/refoodlution.com\/el-coronavirus-no-vencera-la-gastronomia-espanola\/#breadcrumb\"},\"inLanguage\":\"ca\",\"potentialAction\":[{\"@type\":\"ReadAction\",\"target\":[\"https:\/\/refoodlution.com\/el-coronavirus-no-vencera-la-gastronomia-espanola\/\"]}]},{\"@type\":\"ImageObject\",\"inLanguage\":\"ca\",\"@id\":\"https:\/\/refoodlution.com\/el-coronavirus-no-vencera-la-gastronomia-espanola\/#primaryimage\",\"url\":\"https:\/\/refoodlution.com\/wp-content\/uploads\/2020\/04\/blog-post-134132600-copy-copy.jpg\",\"contentUrl\":\"https:\/\/refoodlution.com\/wp-content\/uploads\/2020\/04\/blog-post-134132600-copy-copy.jpg\",\"width\":1400,\"height\":844},{\"@type\":\"BreadcrumbList\",\"@id\":\"https:\/\/refoodlution.com\/el-coronavirus-no-vencera-la-gastronomia-espanola\/#breadcrumb\",\"itemListElement\":[{\"@type\":\"ListItem\",\"position\":1,\"name\":\"Portada\",\"item\":\"https:\/\/refoodlution.com\/en\/\"},{\"@type\":\"ListItem\",\"position\":2,\"name\":\"El Coronavirus no vencer\u00e1 nuestra cultura gastron\u00f3mica\"}]},{\"@type\":\"WebSite\",\"@id\":\"https:\/\/refoodlution.com\/en\/#website\",\"url\":\"https:\/\/refoodlution.com\/en\/\",\"name\":\"Refoodlution\",\"description\":\"Carta Digital\",\"potentialAction\":[{\"@type\":\"SearchAction\",\"target\":{\"@type\":\"EntryPoint\",\"urlTemplate\":\"https:\/\/refoodlution.com\/en\/?s={search_term_string}\"},\"query-input\":{\"@type\":\"PropertyValueSpecification\",\"valueRequired\":true,\"valueName\":\"search_term_string\"}}],\"inLanguage\":\"ca\"},{\"@type\":\"Person\",\"@id\":\"https:\/\/refoodlution.com\/en\/#\/schema\/person\/3965b35f8c0fa5b9ba5b9e32eb0fac7b\",\"name\":\"Jaume\",\"image\":{\"@type\":\"ImageObject\",\"inLanguage\":\"ca\",\"@id\":\"https:\/\/refoodlution.com\/en\/#\/schema\/person\/image\/\",\"url\":\"https:\/\/secure.gravatar.com\/avatar\/0fa49c418d7d2a6262a56849b2d42f222c023874873a170c453585bb33723d3d?s=96&d=mm&r=g\",\"contentUrl\":\"https:\/\/secure.gravatar.com\/avatar\/0fa49c418d7d2a6262a56849b2d42f222c023874873a170c453585bb33723d3d?s=96&d=mm&r=g\",\"caption\":\"Jaume\"},\"url\":\"https:\/\/refoodlution.com\/ca\/author\/jaume\/\"}]}<\/script>\n<!-- \/ Yoast SEO plugin. -->","yoast_head_json":{"title":"El Coronavirus no vencer\u00e0 la nostra cultura gastron\u00f2mica - Refoodlution","robots":{"index":"index","follow":"follow","max-snippet":"max-snippet:-1","max-image-preview":"max-image-preview:large","max-video-preview":"max-video-preview:-1"},"canonical":"https:\/\/refoodlution.com\/ca\/el-coronavirus-no-guanyes-la-gastronomia-espanyola\/","og_locale":"ca_ES","og_type":"article","og_title":"El Coronavirus no vencer\u00e1 nuestra cultura gastron\u00f3mica - Refoodlution","og_url":"https:\/\/refoodlution.com\/ca\/el-coronavirus-no-guanyes-la-gastronomia-espanyola\/","og_site_name":"Refoodlution","article_published_time":"2020-04-14T11:57:11+00:00","og_image":[{"width":1400,"height":844,"url":"https:\/\/refoodlution.com\/wp-content\/uploads\/2020\/04\/blog-post-134132600-copy-copy.jpg","type":"image\/jpeg"}],"author":"Jaume","twitter_card":"summary_large_image","twitter_misc":{"Escrit per":"Jaume","Temps estimat de lectura":"4 minuts"},"schema":{"@context":"https:\/\/schema.org","@graph":[{"@type":"WebPage","@id":"https:\/\/refoodlution.com\/el-coronavirus-no-vencera-la-gastronomia-espanola\/","url":"https:\/\/refoodlution.com\/el-coronavirus-no-vencera-la-gastronomia-espanola\/","name":"El Coronavirus no vencer\u00e0 la nostra cultura gastron\u00f2mica - Refoodlution","isPartOf":{"@id":"https:\/\/refoodlution.com\/en\/#website"},"primaryImageOfPage":{"@id":"https:\/\/refoodlution.com\/el-coronavirus-no-vencera-la-gastronomia-espanola\/#primaryimage"},"image":{"@id":"https:\/\/refoodlution.com\/el-coronavirus-no-vencera-la-gastronomia-espanola\/#primaryimage"},"thumbnailUrl":"https:\/\/refoodlution.com\/wp-content\/uploads\/2020\/04\/blog-post-134132600-copy-copy.jpg","datePublished":"2020-04-14T11:57:11+00:00","author":{"@id":"https:\/\/refoodlution.com\/en\/#\/schema\/person\/3965b35f8c0fa5b9ba5b9e32eb0fac7b"},"breadcrumb":{"@id":"https:\/\/refoodlution.com\/el-coronavirus-no-vencera-la-gastronomia-espanola\/#breadcrumb"},"inLanguage":"ca","potentialAction":[{"@type":"ReadAction","target":["https:\/\/refoodlution.com\/el-coronavirus-no-vencera-la-gastronomia-espanola\/"]}]},{"@type":"ImageObject","inLanguage":"ca","@id":"https:\/\/refoodlution.com\/el-coronavirus-no-vencera-la-gastronomia-espanola\/#primaryimage","url":"https:\/\/refoodlution.com\/wp-content\/uploads\/2020\/04\/blog-post-134132600-copy-copy.jpg","contentUrl":"https:\/\/refoodlution.com\/wp-content\/uploads\/2020\/04\/blog-post-134132600-copy-copy.jpg","width":1400,"height":844},{"@type":"BreadcrumbList","@id":"https:\/\/refoodlution.com\/el-coronavirus-no-vencera-la-gastronomia-espanola\/#breadcrumb","itemListElement":[{"@type":"ListItem","position":1,"name":"Portada","item":"https:\/\/refoodlution.com\/en\/"},{"@type":"ListItem","position":2,"name":"El Coronavirus no vencer\u00e1 nuestra cultura gastron\u00f3mica"}]},{"@type":"WebSite","@id":"https:\/\/refoodlution.com\/en\/#website","url":"https:\/\/refoodlution.com\/en\/","name":"Refoodlution","description":"Carta Digital","potentialAction":[{"@type":"SearchAction","target":{"@type":"EntryPoint","urlTemplate":"https:\/\/refoodlution.com\/en\/?s={search_term_string}"},"query-input":{"@type":"PropertyValueSpecification","valueRequired":true,"valueName":"search_term_string"}}],"inLanguage":"ca"},{"@type":"Person","@id":"https:\/\/refoodlution.com\/en\/#\/schema\/person\/3965b35f8c0fa5b9ba5b9e32eb0fac7b","name":"Jaume","image":{"@type":"ImageObject","inLanguage":"ca","@id":"https:\/\/refoodlution.com\/en\/#\/schema\/person\/image\/","url":"https:\/\/secure.gravatar.com\/avatar\/0fa49c418d7d2a6262a56849b2d42f222c023874873a170c453585bb33723d3d?s=96&d=mm&r=g","contentUrl":"https:\/\/secure.gravatar.com\/avatar\/0fa49c418d7d2a6262a56849b2d42f222c023874873a170c453585bb33723d3d?s=96&d=mm&r=g","caption":"Jaume"},"url":"https:\/\/refoodlution.com\/ca\/author\/jaume\/"}]}},"_links":{"self":[{"href":"https:\/\/refoodlution.com\/ca\/wp-json\/wp\/v2\/posts\/1528","targetHints":{"allow":["GET"]}}],"collection":[{"href":"https:\/\/refoodlution.com\/ca\/wp-json\/wp\/v2\/posts"}],"about":[{"href":"https:\/\/refoodlution.com\/ca\/wp-json\/wp\/v2\/types\/post"}],"author":[{"embeddable":true,"href":"https:\/\/refoodlution.com\/ca\/wp-json\/wp\/v2\/users\/4"}],"replies":[{"embeddable":true,"href":"https:\/\/refoodlution.com\/ca\/wp-json\/wp\/v2\/comments?post=1528"}],"version-history":[{"count":0,"href":"https:\/\/refoodlution.com\/ca\/wp-json\/wp\/v2\/posts\/1528\/revisions"}],"wp:featuredmedia":[{"embeddable":true,"href":"https:\/\/refoodlution.com\/ca\/wp-json\/wp\/v2\/media\/1529"}],"wp:attachment":[{"href":"https:\/\/refoodlution.com\/ca\/wp-json\/wp\/v2\/media?parent=1528"}],"wp:term":[{"taxonomy":"category","embeddable":true,"href":"https:\/\/refoodlution.com\/ca\/wp-json\/wp\/v2\/categories?post=1528"},{"taxonomy":"post_tag","embeddable":true,"href":"https:\/\/refoodlution.com\/ca\/wp-json\/wp\/v2\/tags?post=1528"}],"curies":[{"name":"wp","href":"https:\/\/api.w.org\/{rel}","templated":true}]}}