{"id":1788,"date":"2020-07-14T17:33:22","date_gmt":"2020-07-14T17:33:22","guid":{"rendered":"https:\/\/refoodlution.com\/?p=1788"},"modified":"2020-07-14T17:33:22","modified_gmt":"2020-07-14T17:33:22","slug":"aprovada-en-peru-la-represa-dels-restaurants","status":"publish","type":"post","link":"https:\/\/refoodlution.com\/ca\/aprovada-en-peru-la-represa-dels-restaurants\/","title":{"rendered":"Aprovada al Per\u00fa la represa dels Restaurants"},"content":{"rendered":"<div class=\"fusion-fullwidth fullwidth-box fusion-builder-row-1 nonhundred-percent-fullwidth non-hundred-percent-height-scrolling\" style=\"--awb-border-radius-top-left:0px;--awb-border-radius-top-right:0px;--awb-border-radius-bottom-right:0px;--awb-border-radius-bottom-left:0px;--awb-flex-wrap:wrap;\" ><div class=\"fusion-builder-row fusion-row\"><div class=\"fusion-layout-column fusion_builder_column fusion-builder-column-0 fusion_builder_column_1_1 1_1 fusion-one-full fusion-column-first fusion-column-last\" style=\"--awb-bg-size:cover;--awb-margin-bottom:0px;\"><div class=\"fusion-column-wrapper fusion-flex-column-wrapper-legacy\"><div class=\"fusion-text fusion-text-1\"><h2>Aprovada al Per\u00fa la represa d&#039;activitats econ\u00f2miques en mat\u00e8ria de Restaurants i Serveis Afins en la modalitat d&#039;atenci\u00f3 al sal\u00f3 amb aforament al 40%, excepte bars<\/h2>\n<p>Amb m\u00e9s de tres milions d&#039;infeccions, Llatinoam\u00e8rica es mant\u00e9 com a epicentre mundial del COVID-19. La regi\u00f3 del Per\u00fa, en particular, es considera ja un dels pa\u00efsos d&#039;Am\u00e8rica Llatina als quals m\u00e9s ha colpejat el Coronavirus, tot i ser el primer pa\u00eds de la regi\u00f3 a decretar una quarantena general obligat\u00f2ria el passat 15 de mar\u00e7 de 2020, i \u00e9s que la pand\u00e8mia, a m\u00e9s d&#039;afectar seriosament salut del pa\u00eds and\u00ed, va sacsejar els fonaments de l&#039;economia peru.<\/p>\n<\/div><div class=\"fusion-text fusion-text-2\"><p>Per tal de formular l&#039;estrat\u00e8gia per a la represa progressiva de les activitats econ\u00f2miques en el marc de l&#039;Emerg\u00e8ncia Sanit\u00e0ria a nivell nacional es va conformar el 25 d&#039;abril del 2020 el \u201cGrup de Treball Multisectorial per a la represa de les activitats econ\u00f2miques\u201d, que va elaborar un pla gradual de 4 fases per reactivar la producci\u00f3 afectada.<\/p>\n<blockquote>\n<p><strong>Transcorregudes la primera i segona fase, a dia d&#039;avui Per\u00fa es<br \/>\ntroba a la Fase 3 de la Represa d&#039;Activitats.<\/strong><\/p>\n<\/blockquote>\n<\/div><div class=\"fusion-text fusion-text-3\"><p>La Resoluci\u00f3 Ministerial N\u00fam. 208-2020-PRODUCE, publicada el dia 12 de juliol del 2020, ha aprovat la represa d&#039;activitats econ\u00f2miques relacionades al Sector Producci\u00f3, com \u00e9s el cas de Restaurants i Serveis Afins en la modalitat d&#039;atenci\u00f3 al sal\u00f3 amb aforament al 40%, excepte bars, de la Fase.<\/p>\n<p>Ara b\u00e9, no en va el pa\u00eds del sospir de Lima ha ressaltat la necessitat d&#039;incorporar les precaucions i mesures de protecci\u00f3 que siguin necess\u00e0ries per prevenir els contagis i minimitzar el risc d&#039;un repunt del COVID-19 que pugui posar en risc l&#039;adequada resposta dels serveis sanitaris i, amb aix\u00f2, la salut i el benestar del conjunt de la societat. Per a aquest efecte les entitats, empreses o persones jur\u00eddiques pr\u00e8viament han de:<\/p>\n<\/div><div class=\"fusion-text fusion-text-4\"><p><strong>a)<\/strong> Elaborar el seu \u201cPla per a la vigil\u00e0ncia, prevenci\u00f3 i control de COVID-19 a la feina\u201d d&#039;acord amb els \u201cLineaments per a la vigil\u00e0ncia, prevenci\u00f3 i control de la Salut dels treballadors amb risc d&#039;exposici\u00f3 a COVID-19\u201d, aprovats per Resoluci\u00f3 Ministerial N\u00fam. reinici gradual i progressiu dactivitats econ\u00f2miques de serveis.<\/p>\n<p><strong>b)<\/strong> Remetre el referit Pla via correu electr\u00f2nic al Ministeri de Salut, a la seg\u00fcent adre\u00e7a electr\u00f2nica: empresa@minsa.gob.pe.<\/p>\n<\/div><div class=\"fusion-text fusion-text-5\"><p><strong>Aquests s\u00f3n els 7 lineaments per a la vigil\u00e0ncia, la prevenci\u00f3 i el control de la salut dels treballadors amb risc d&#039;exposici\u00f3 a COVID-19:<\/strong><\/p>\n<\/div><ul style=\"--awb-size:15px;--awb-line-height:25.5px;--awb-icon-width:25.5px;--awb-icon-height:25.5px;--awb-icon-margin:10.5px;--awb-content-margin:36px;--awb-circlecolor:#e9a825;--awb-circle-yes-font-size:13.2px;\" class=\"fusion-checklist fusion-checklist-1 fusion-checklist-default type-icons\"><li class=\"fusion-li-item\" style=\"\"><span class=\"icon-wrapper circle-yes\"><i class=\"fusion-li-icon awb-icon-check\" aria-hidden=\"true\"><\/i><\/span><div class=\"fusion-li-item-content\">\n<p>Lineaments per a la vigil\u00e0ncia, prevenci\u00f3 i control de COVID-19 a la feina<\/p>\n<\/div><\/li><li class=\"fusion-li-item\" style=\"\"><span class=\"icon-wrapper circle-yes\"><i class=\"fusion-li-icon awb-icon-check\" aria-hidden=\"true\"><\/i><\/span><div class=\"fusion-li-item-content\">\n<p>Avaluaci\u00f3 de la condici\u00f3 de salut del treballador previ al retorn o reincorporaci\u00f3 al centre de treball<\/p>\n<\/div><\/li><li class=\"fusion-li-item\" style=\"\"><span class=\"icon-wrapper circle-yes\"><i class=\"fusion-li-icon awb-icon-check\" aria-hidden=\"true\"><\/i><\/span><div class=\"fusion-li-item-content\">\n<p>Rentat i desinfecci\u00f3 de mans obligatori<\/p>\n<\/div><\/li><li class=\"fusion-li-item\" style=\"\"><span class=\"icon-wrapper circle-yes\"><i class=\"fusion-li-icon awb-icon-check\" aria-hidden=\"true\"><\/i><\/span><div class=\"fusion-li-item-content\">Sensibilitzaci\u00f3 de la prevenci\u00f3 del contagi al centre de treball<\/div><\/li><li class=\"fusion-li-item\" style=\"\"><span class=\"icon-wrapper circle-yes\"><i class=\"fusion-li-icon awb-icon-check\" aria-hidden=\"true\"><\/i><\/span><div class=\"fusion-li-item-content\">Mesures preventives d&#039;aplicaci\u00f3 col\u00b7lectiva, entre les quals hi ha promoure l&#039;\u00fas de mitjans digitals (APP, p\u00e0gines web, entre d&#039;altres) per evitar la contaminaci\u00f3 indirecta de la COVID19 per \u00fas de papers, bol\u00edgrafs, entre d&#039;altres<\/div><\/li><li class=\"fusion-li-item\" style=\"\"><span class=\"icon-wrapper circle-yes\"><i class=\"fusion-li-icon awb-icon-check\" aria-hidden=\"true\"><\/i><\/span><div class=\"fusion-li-item-content\">Mesures de protecci\u00f3 personal<\/div><\/li><li class=\"fusion-li-item\" style=\"\"><span class=\"icon-wrapper circle-yes\"><i class=\"fusion-li-icon awb-icon-check\" aria-hidden=\"true\"><\/i><\/span><div class=\"fusion-li-item-content\">Vigil\u00e0ncia de la salut del treballador en el context del COVID19<\/div><\/li><\/ul><div class=\"fusion-sep-clear\"><\/div><div class=\"fusion-separator fusion-full-width-sep\" style=\"margin-left: auto;margin-right: auto;margin-top:10px;width:100%;\"><\/div><div class=\"fusion-sep-clear\"><\/div><div class=\"fusion-text fusion-text-6\"><h3><strong>Per qu\u00e8 confiar en Refoodlution?<\/strong><\/h3>\n<p>Refoodlution \u00e9s una startup dedicada al desenvolupament de solucions tecnol\u00f2giques per al sector de l&#039;hostaleria que t\u00e9 com a objectiu reduir la propagaci\u00f3 de la COVID19. Especialistes en el desenvolupament de cartes digitals, estem reconeguts com la millor soluci\u00f3 tecnol\u00f2gica Europea, sent claus en la reactivaci\u00f3 i superviv\u00e8ncia del sector.<\/p>\n<p>Refoodlution ha arribat a Llatinoam\u00e8rica per brindar suport al canal HORECA i contribuir a recuperar-lo. <strong>Si necessiteu ajuda per a l&#039;operaci\u00f3 de la reobertura del seu negoci, no dubti en contactar amb nosaltres i estarem encantats d&#039;ajudar-lo.<\/strong><\/p>\n<\/div><div class=\"fusion-clearfix\"><\/div><\/div><\/div><\/div><\/div>","protected":false},"excerpt":{"rendered":"","protected":false},"author":4,"featured_media":1789,"comment_status":"open","ping_status":"open","sticky":false,"template":"","format":"standard","meta":{"_joinchat":[],"footnotes":""},"categories":[36,37,35],"tags":[],"class_list":["post-1788","post","type-post","status-publish","format-standard","has-post-thumbnail","hentry","category-alergias-alimentarias","category-intolerancias-alimentarias","category-restaurantes"],"yoast_head":"<!-- This site is optimized with the Yoast SEO plugin v25.7 - https:\/\/yoast.com\/wordpress\/plugins\/seo\/ -->\n<title>Aprobada en Peru\u0301 la reanudacio\u0301n de los Restaurantes - Refoodlution<\/title>\n<meta name=\"robots\" content=\"index, follow, max-snippet:-1, max-image-preview:large, max-video-preview:-1\" \/>\n<link rel=\"canonical\" href=\"https:\/\/refoodlution.com\/ca\/aprovada-en-peru-la-represa-dels-restaurants\/\" \/>\n<meta property=\"og:locale\" content=\"ca_ES\" \/>\n<meta property=\"og:type\" content=\"article\" \/>\n<meta property=\"og:title\" content=\"Aprobada en Peru\u0301 la reanudacio\u0301n de los Restaurantes - Refoodlution\" \/>\n<meta property=\"og:url\" content=\"https:\/\/refoodlution.com\/ca\/aprovada-en-peru-la-represa-dels-restaurants\/\" \/>\n<meta property=\"og:site_name\" content=\"Refoodlution\" \/>\n<meta property=\"article:published_time\" content=\"2020-07-14T17:33:22+00:00\" \/>\n<meta property=\"og:image\" content=\"https:\/\/refoodlution.com\/wp-content\/uploads\/2020\/07\/4-copy.jpg\" \/>\n\t<meta property=\"og:image:width\" content=\"1400\" \/>\n\t<meta property=\"og:image:height\" content=\"844\" \/>\n\t<meta property=\"og:image:type\" content=\"image\/jpeg\" \/>\n<meta name=\"author\" content=\"Jaume\" \/>\n<meta name=\"twitter:card\" content=\"summary_large_image\" \/>\n<meta name=\"twitter:label1\" content=\"Escrit per\" \/>\n\t<meta name=\"twitter:data1\" content=\"Jaume\" \/>\n\t<meta name=\"twitter:label2\" content=\"Temps estimat de lectura\" \/>\n\t<meta name=\"twitter:data2\" content=\"6 minuts\" \/>\n<script type=\"application\/ld+json\" class=\"yoast-schema-graph\">{\"@context\":\"https:\/\/schema.org\",\"@graph\":[{\"@type\":\"WebPage\",\"@id\":\"https:\/\/refoodlution.com\/aprobada-en-peru-la-reanudacion-de-los-restaurantes\/\",\"url\":\"https:\/\/refoodlution.com\/aprobada-en-peru-la-reanudacion-de-los-restaurantes\/\",\"name\":\"Aprobada en Peru\u0301 la reanudacio\u0301n de los Restaurantes - Refoodlution\",\"isPartOf\":{\"@id\":\"https:\/\/refoodlution.com\/en\/#website\"},\"primaryImageOfPage\":{\"@id\":\"https:\/\/refoodlution.com\/aprobada-en-peru-la-reanudacion-de-los-restaurantes\/#primaryimage\"},\"image\":{\"@id\":\"https:\/\/refoodlution.com\/aprobada-en-peru-la-reanudacion-de-los-restaurantes\/#primaryimage\"},\"thumbnailUrl\":\"https:\/\/refoodlution.com\/wp-content\/uploads\/2020\/07\/4-copy.jpg\",\"datePublished\":\"2020-07-14T17:33:22+00:00\",\"author\":{\"@id\":\"https:\/\/refoodlution.com\/en\/#\/schema\/person\/3965b35f8c0fa5b9ba5b9e32eb0fac7b\"},\"breadcrumb\":{\"@id\":\"https:\/\/refoodlution.com\/aprobada-en-peru-la-reanudacion-de-los-restaurantes\/#breadcrumb\"},\"inLanguage\":\"ca\",\"potentialAction\":[{\"@type\":\"ReadAction\",\"target\":[\"https:\/\/refoodlution.com\/aprobada-en-peru-la-reanudacion-de-los-restaurantes\/\"]}]},{\"@type\":\"ImageObject\",\"inLanguage\":\"ca\",\"@id\":\"https:\/\/refoodlution.com\/aprobada-en-peru-la-reanudacion-de-los-restaurantes\/#primaryimage\",\"url\":\"https:\/\/refoodlution.com\/wp-content\/uploads\/2020\/07\/4-copy.jpg\",\"contentUrl\":\"https:\/\/refoodlution.com\/wp-content\/uploads\/2020\/07\/4-copy.jpg\",\"width\":1400,\"height\":844},{\"@type\":\"BreadcrumbList\",\"@id\":\"https:\/\/refoodlution.com\/aprobada-en-peru-la-reanudacion-de-los-restaurantes\/#breadcrumb\",\"itemListElement\":[{\"@type\":\"ListItem\",\"position\":1,\"name\":\"Portada\",\"item\":\"https:\/\/refoodlution.com\/en\/\"},{\"@type\":\"ListItem\",\"position\":2,\"name\":\"Aprobada en Peru\u0301 la reanudacio\u0301n de los Restaurantes\"}]},{\"@type\":\"WebSite\",\"@id\":\"https:\/\/refoodlution.com\/en\/#website\",\"url\":\"https:\/\/refoodlution.com\/en\/\",\"name\":\"Refoodlution\",\"description\":\"Carta Digital\",\"potentialAction\":[{\"@type\":\"SearchAction\",\"target\":{\"@type\":\"EntryPoint\",\"urlTemplate\":\"https:\/\/refoodlution.com\/en\/?s={search_term_string}\"},\"query-input\":{\"@type\":\"PropertyValueSpecification\",\"valueRequired\":true,\"valueName\":\"search_term_string\"}}],\"inLanguage\":\"ca\"},{\"@type\":\"Person\",\"@id\":\"https:\/\/refoodlution.com\/en\/#\/schema\/person\/3965b35f8c0fa5b9ba5b9e32eb0fac7b\",\"name\":\"Jaume\",\"image\":{\"@type\":\"ImageObject\",\"inLanguage\":\"ca\",\"@id\":\"https:\/\/refoodlution.com\/en\/#\/schema\/person\/image\/\",\"url\":\"https:\/\/secure.gravatar.com\/avatar\/0fa49c418d7d2a6262a56849b2d42f222c023874873a170c453585bb33723d3d?s=96&d=mm&r=g\",\"contentUrl\":\"https:\/\/secure.gravatar.com\/avatar\/0fa49c418d7d2a6262a56849b2d42f222c023874873a170c453585bb33723d3d?s=96&d=mm&r=g\",\"caption\":\"Jaume\"},\"url\":\"https:\/\/refoodlution.com\/ca\/author\/jaume\/\"}]}<\/script>\n<!-- \/ Yoast SEO plugin. -->","yoast_head_json":{"title":"Aprovada al Per\u00fa la represa dels Restaurants - Refoodlution","robots":{"index":"index","follow":"follow","max-snippet":"max-snippet:-1","max-image-preview":"max-image-preview:large","max-video-preview":"max-video-preview:-1"},"canonical":"https:\/\/refoodlution.com\/ca\/aprovada-en-peru-la-represa-dels-restaurants\/","og_locale":"ca_ES","og_type":"article","og_title":"Aprobada en Peru\u0301 la reanudacio\u0301n de los Restaurantes - Refoodlution","og_url":"https:\/\/refoodlution.com\/ca\/aprovada-en-peru-la-represa-dels-restaurants\/","og_site_name":"Refoodlution","article_published_time":"2020-07-14T17:33:22+00:00","og_image":[{"width":1400,"height":844,"url":"https:\/\/refoodlution.com\/wp-content\/uploads\/2020\/07\/4-copy.jpg","type":"image\/jpeg"}],"author":"Jaume","twitter_card":"summary_large_image","twitter_misc":{"Escrit per":"Jaume","Temps estimat de lectura":"6 minuts"},"schema":{"@context":"https:\/\/schema.org","@graph":[{"@type":"WebPage","@id":"https:\/\/refoodlution.com\/aprobada-en-peru-la-reanudacion-de-los-restaurantes\/","url":"https:\/\/refoodlution.com\/aprobada-en-peru-la-reanudacion-de-los-restaurantes\/","name":"Aprovada al Per\u00fa la represa dels Restaurants - Refoodlution","isPartOf":{"@id":"https:\/\/refoodlution.com\/en\/#website"},"primaryImageOfPage":{"@id":"https:\/\/refoodlution.com\/aprobada-en-peru-la-reanudacion-de-los-restaurantes\/#primaryimage"},"image":{"@id":"https:\/\/refoodlution.com\/aprobada-en-peru-la-reanudacion-de-los-restaurantes\/#primaryimage"},"thumbnailUrl":"https:\/\/refoodlution.com\/wp-content\/uploads\/2020\/07\/4-copy.jpg","datePublished":"2020-07-14T17:33:22+00:00","author":{"@id":"https:\/\/refoodlution.com\/en\/#\/schema\/person\/3965b35f8c0fa5b9ba5b9e32eb0fac7b"},"breadcrumb":{"@id":"https:\/\/refoodlution.com\/aprobada-en-peru-la-reanudacion-de-los-restaurantes\/#breadcrumb"},"inLanguage":"ca","potentialAction":[{"@type":"ReadAction","target":["https:\/\/refoodlution.com\/aprobada-en-peru-la-reanudacion-de-los-restaurantes\/"]}]},{"@type":"ImageObject","inLanguage":"ca","@id":"https:\/\/refoodlution.com\/aprobada-en-peru-la-reanudacion-de-los-restaurantes\/#primaryimage","url":"https:\/\/refoodlution.com\/wp-content\/uploads\/2020\/07\/4-copy.jpg","contentUrl":"https:\/\/refoodlution.com\/wp-content\/uploads\/2020\/07\/4-copy.jpg","width":1400,"height":844},{"@type":"BreadcrumbList","@id":"https:\/\/refoodlution.com\/aprobada-en-peru-la-reanudacion-de-los-restaurantes\/#breadcrumb","itemListElement":[{"@type":"ListItem","position":1,"name":"Portada","item":"https:\/\/refoodlution.com\/en\/"},{"@type":"ListItem","position":2,"name":"Aprobada en Peru\u0301 la reanudacio\u0301n de los Restaurantes"}]},{"@type":"WebSite","@id":"https:\/\/refoodlution.com\/en\/#website","url":"https:\/\/refoodlution.com\/en\/","name":"Refoodlution","description":"Carta Digital","potentialAction":[{"@type":"SearchAction","target":{"@type":"EntryPoint","urlTemplate":"https:\/\/refoodlution.com\/en\/?s={search_term_string}"},"query-input":{"@type":"PropertyValueSpecification","valueRequired":true,"valueName":"search_term_string"}}],"inLanguage":"ca"},{"@type":"Person","@id":"https:\/\/refoodlution.com\/en\/#\/schema\/person\/3965b35f8c0fa5b9ba5b9e32eb0fac7b","name":"Jaume","image":{"@type":"ImageObject","inLanguage":"ca","@id":"https:\/\/refoodlution.com\/en\/#\/schema\/person\/image\/","url":"https:\/\/secure.gravatar.com\/avatar\/0fa49c418d7d2a6262a56849b2d42f222c023874873a170c453585bb33723d3d?s=96&d=mm&r=g","contentUrl":"https:\/\/secure.gravatar.com\/avatar\/0fa49c418d7d2a6262a56849b2d42f222c023874873a170c453585bb33723d3d?s=96&d=mm&r=g","caption":"Jaume"},"url":"https:\/\/refoodlution.com\/ca\/author\/jaume\/"}]}},"_links":{"self":[{"href":"https:\/\/refoodlution.com\/ca\/wp-json\/wp\/v2\/posts\/1788","targetHints":{"allow":["GET"]}}],"collection":[{"href":"https:\/\/refoodlution.com\/ca\/wp-json\/wp\/v2\/posts"}],"about":[{"href":"https:\/\/refoodlution.com\/ca\/wp-json\/wp\/v2\/types\/post"}],"author":[{"embeddable":true,"href":"https:\/\/refoodlution.com\/ca\/wp-json\/wp\/v2\/users\/4"}],"replies":[{"embeddable":true,"href":"https:\/\/refoodlution.com\/ca\/wp-json\/wp\/v2\/comments?post=1788"}],"version-history":[{"count":0,"href":"https:\/\/refoodlution.com\/ca\/wp-json\/wp\/v2\/posts\/1788\/revisions"}],"wp:featuredmedia":[{"embeddable":true,"href":"https:\/\/refoodlution.com\/ca\/wp-json\/wp\/v2\/media\/1789"}],"wp:attachment":[{"href":"https:\/\/refoodlution.com\/ca\/wp-json\/wp\/v2\/media?parent=1788"}],"wp:term":[{"taxonomy":"category","embeddable":true,"href":"https:\/\/refoodlution.com\/ca\/wp-json\/wp\/v2\/categories?post=1788"},{"taxonomy":"post_tag","embeddable":true,"href":"https:\/\/refoodlution.com\/ca\/wp-json\/wp\/v2\/tags?post=1788"}],"curies":[{"name":"wp","href":"https:\/\/api.w.org\/{rel}","templated":true}]}}