{"id":1871,"date":"2024-11-06T16:14:58","date_gmt":"2024-11-06T16:14:58","guid":{"rendered":"https:\/\/refoodlution.com\/?p=1871"},"modified":"2024-11-06T16:14:58","modified_gmt":"2024-11-06T16:14:58","slug":"refoodlution-al-gastronomic-forum-barcelona","status":"publish","type":"post","link":"https:\/\/refoodlution.com\/ca\/refoodlution-al-gastronomic-forum-barcelona\/","title":{"rendered":"Refoodlution al Gastronomic Forum Barcelona"},"content":{"rendered":"<p>Aquesta setmana, Refoodlution participa al <a href=\"https:\/\/www.gastronomicforumbarcelona.com\/\">Gastronomic Forum Barcelona<\/a>, un esdeveniment clau per a professionals de la gastronomia i la tecnologia aplicada a la restauraci\u00f3. Ha estat una experi\u00e8ncia inspiradora que ens ha perm\u00e8s connectar amb experts del sector i explorar les darreres innovacions que estan revolucionant el sector de la restauraci\u00f3.<\/p>\n<p><strong>La nostra experi\u00e8ncia com a participants<\/strong><\/p>\n<p>El f\u00f2rum ens ha brindat una oportunitat inigualable per connectar amb altres professionals que, com <a href=\"https:\/\/refoodlution.com\/ca\/\">nosaltres<\/a>, estan compromesos amb la digitalitzaci\u00f3 i l&#039;efici\u00e8ncia en la gesti\u00f3 de restaurants, bars i hotels. Hem pogut con\u00e8ixer tecnologies aplicades a la personalitzaci\u00f3 de l\u00b4experi\u00e8ncia del client, la gesti\u00f3 de comandes i la digitalitzaci\u00f3 de serveis, que s\u00f3n l\u00b4ess\u00e8ncia del nostre projecte Refoodlution.<\/p>\n<p><strong>Objectius aconseguits durant el f\u00f2rum<\/strong><\/p>\n<p>Un dels nostres objectius principals era con\u00e8ixer les tend\u00e8ncies i explorar solucions que poguessin millorar la nostra plataforma. Les connexions que hem fet amb altres empreses i professionals han enriquit la nostra visi\u00f3 de com podem adaptar Refoodlution per satisfer millor les necessitats canviants dels nostres clients. Cada interacci\u00f3 ens ha donat noves perspectives sobre com innovar mantenint l&#039;ess\u00e8ncia de la restauraci\u00f3.<\/p>\n<p><strong>Innovacions i tend\u00e8ncies descobertes<\/strong><\/p>\n<p>Hem pogut veure com la tecnologia est\u00e0 avan\u00e7ant a passos de gegant en la gesti\u00f3 de cuines i l&#039;automatitzaci\u00f3 de processos. Tamb\u00e9 ens ha impressionat com la rob\u00f2tica s&#039;est\u00e0 integrant als processos de cuina i com pot ajudar els establiments a ser m\u00e9s eficients. Aquestes innovacions ens han motivat a continuar treballant per oferir una experi\u00e8ncia segura, eficient i alhora aut\u00e8ntica.<\/p>\n<p><strong>Comprom\u00eds amb la innovaci\u00f3 i la tradici\u00f3<\/strong><\/p>\n<p>A Refoodlution, creiem que la innovaci\u00f3 ha d&#039;anar acompanyada d&#039;un respecte profund per la tradici\u00f3. La restauraci\u00f3 \u00e9s molt m\u00e9s que tecnologia; \u00e9s una experi\u00e8ncia cultural i humana que volem preservar. Durant el f\u00f2rum hem pogut reflexionar sobre com mantenir aquest equilibri entre l&#039;\u00fas d&#039;eines tecnol\u00f2giques i la preservaci\u00f3 de l&#039;autenticitat que valoren els nostres clients.<\/p>\n<p><strong>Conclusi\u00f3<\/strong><\/p>\n<p>La nostra experi\u00e8ncia al Gastronomic Forum Barcelona ha estat un pas important per reafirmar el nostre comprom\u00eds amb una restauraci\u00f3 m\u00e9s moderna i eficient, per\u00f2 tamb\u00e9 amb arrels profundes. Ens sentim m\u00e9s inspirats que mai per continuar treballant a la nostra plataforma i ajudar els establiments a adaptar-se a les demandes d&#039;un m\u00f3n cada cop m\u00e9s digital. Seguirem compartint novetats i projectes al nostre blog ia les xarxes socials.<\/p>","protected":false},"excerpt":{"rendered":"<p>Aquesta setmana, Refoodlution participa al F\u00f2rum Gastron\u00f2mic de Barcelona, un [\u2026]<\/p>","protected":false},"author":4,"featured_media":1873,"comment_status":"open","ping_status":"open","sticky":false,"template":"","format":"standard","meta":{"_joinchat":[],"footnotes":""},"categories":[1],"tags":[],"class_list":["post-1871","post","type-post","status-publish","format-standard","has-post-thumbnail","hentry","category-sin-categoria"],"yoast_head":"<!-- This site is optimized with the Yoast SEO plugin v25.7 - https:\/\/yoast.com\/wordpress\/plugins\/seo\/ -->\n<title>Refoodlution en el Gastronomic Forum Barcelona - Refoodlution<\/title>\n<meta name=\"description\" content=\"Refoodlution participa en el Gastronomic Forum Barcelona, conectando con expertos de la restauraci\u00f3n y explorando innovaciones que combinan tecnolog\u00eda y tradici\u00f3n para mejorar la experiencia en restaurantes.\" \/>\n<meta name=\"robots\" content=\"index, follow, max-snippet:-1, max-image-preview:large, max-video-preview:-1\" \/>\n<link rel=\"canonical\" href=\"https:\/\/refoodlution.com\/ca\/refoodlution-al-gastronomic-forum-barcelona\/\" \/>\n<meta property=\"og:locale\" content=\"ca_ES\" \/>\n<meta property=\"og:type\" content=\"article\" \/>\n<meta property=\"og:title\" content=\"Refoodlution en el Gastronomic Forum Barcelona - Refoodlution\" \/>\n<meta property=\"og:description\" content=\"Refoodlution participa en el Gastronomic Forum Barcelona, conectando con expertos de la restauraci\u00f3n y explorando innovaciones que combinan tecnolog\u00eda y tradici\u00f3n para mejorar la experiencia en restaurantes.\" \/>\n<meta property=\"og:url\" content=\"https:\/\/refoodlution.com\/ca\/refoodlution-al-gastronomic-forum-barcelona\/\" \/>\n<meta property=\"og:site_name\" content=\"Refoodlution\" \/>\n<meta property=\"article:published_time\" content=\"2024-11-06T16:14:58+00:00\" \/>\n<meta property=\"og:image\" content=\"https:\/\/refoodlution.com\/wp-content\/uploads\/2024\/11\/ambient_stands-29-scaled-1.jpg\" \/>\n\t<meta property=\"og:image:width\" content=\"2560\" \/>\n\t<meta property=\"og:image:height\" content=\"1707\" \/>\n\t<meta property=\"og:image:type\" content=\"image\/jpeg\" \/>\n<meta name=\"author\" content=\"Jaume\" \/>\n<meta name=\"twitter:card\" content=\"summary_large_image\" \/>\n<meta name=\"twitter:label1\" content=\"Escrit per\" \/>\n\t<meta name=\"twitter:data1\" content=\"Jaume\" \/>\n\t<meta name=\"twitter:label2\" content=\"Temps estimat de lectura\" \/>\n\t<meta name=\"twitter:data2\" content=\"2 minuts\" \/>\n<script type=\"application\/ld+json\" class=\"yoast-schema-graph\">{\"@context\":\"https:\/\/schema.org\",\"@graph\":[{\"@type\":\"WebPage\",\"@id\":\"https:\/\/refoodlution.com\/refoodlution-en-el-gastronomic-forum-barcelona\/\",\"url\":\"https:\/\/refoodlution.com\/refoodlution-en-el-gastronomic-forum-barcelona\/\",\"name\":\"Refoodlution en el Gastronomic Forum Barcelona - Refoodlution\",\"isPartOf\":{\"@id\":\"https:\/\/refoodlution.com\/en\/#website\"},\"primaryImageOfPage\":{\"@id\":\"https:\/\/refoodlution.com\/refoodlution-en-el-gastronomic-forum-barcelona\/#primaryimage\"},\"image\":{\"@id\":\"https:\/\/refoodlution.com\/refoodlution-en-el-gastronomic-forum-barcelona\/#primaryimage\"},\"thumbnailUrl\":\"https:\/\/refoodlution.com\/wp-content\/uploads\/2024\/11\/ambient_stands-29-scaled-1.jpg\",\"datePublished\":\"2024-11-06T16:14:58+00:00\",\"author\":{\"@id\":\"https:\/\/refoodlution.com\/en\/#\/schema\/person\/3965b35f8c0fa5b9ba5b9e32eb0fac7b\"},\"description\":\"Refoodlution participa en el Gastronomic Forum Barcelona, conectando con expertos de la restauraci\u00f3n y explorando innovaciones que combinan tecnolog\u00eda y tradici\u00f3n para mejorar la experiencia en restaurantes.\",\"breadcrumb\":{\"@id\":\"https:\/\/refoodlution.com\/refoodlution-en-el-gastronomic-forum-barcelona\/#breadcrumb\"},\"inLanguage\":\"ca\",\"potentialAction\":[{\"@type\":\"ReadAction\",\"target\":[\"https:\/\/refoodlution.com\/refoodlution-en-el-gastronomic-forum-barcelona\/\"]}]},{\"@type\":\"ImageObject\",\"inLanguage\":\"ca\",\"@id\":\"https:\/\/refoodlution.com\/refoodlution-en-el-gastronomic-forum-barcelona\/#primaryimage\",\"url\":\"https:\/\/refoodlution.com\/wp-content\/uploads\/2024\/11\/ambient_stands-29-scaled-1.jpg\",\"contentUrl\":\"https:\/\/refoodlution.com\/wp-content\/uploads\/2024\/11\/ambient_stands-29-scaled-1.jpg\",\"width\":2560,\"height\":1707},{\"@type\":\"BreadcrumbList\",\"@id\":\"https:\/\/refoodlution.com\/refoodlution-en-el-gastronomic-forum-barcelona\/#breadcrumb\",\"itemListElement\":[{\"@type\":\"ListItem\",\"position\":1,\"name\":\"Portada\",\"item\":\"https:\/\/refoodlution.com\/en\/\"},{\"@type\":\"ListItem\",\"position\":2,\"name\":\"Refoodlution en el Gastronomic Forum Barcelona\"}]},{\"@type\":\"WebSite\",\"@id\":\"https:\/\/refoodlution.com\/en\/#website\",\"url\":\"https:\/\/refoodlution.com\/en\/\",\"name\":\"Refoodlution\",\"description\":\"Carta Digital\",\"potentialAction\":[{\"@type\":\"SearchAction\",\"target\":{\"@type\":\"EntryPoint\",\"urlTemplate\":\"https:\/\/refoodlution.com\/en\/?s={search_term_string}\"},\"query-input\":{\"@type\":\"PropertyValueSpecification\",\"valueRequired\":true,\"valueName\":\"search_term_string\"}}],\"inLanguage\":\"ca\"},{\"@type\":\"Person\",\"@id\":\"https:\/\/refoodlution.com\/en\/#\/schema\/person\/3965b35f8c0fa5b9ba5b9e32eb0fac7b\",\"name\":\"Jaume\",\"image\":{\"@type\":\"ImageObject\",\"inLanguage\":\"ca\",\"@id\":\"https:\/\/refoodlution.com\/en\/#\/schema\/person\/image\/\",\"url\":\"https:\/\/secure.gravatar.com\/avatar\/0fa49c418d7d2a6262a56849b2d42f222c023874873a170c453585bb33723d3d?s=96&d=mm&r=g\",\"contentUrl\":\"https:\/\/secure.gravatar.com\/avatar\/0fa49c418d7d2a6262a56849b2d42f222c023874873a170c453585bb33723d3d?s=96&d=mm&r=g\",\"caption\":\"Jaume\"},\"url\":\"https:\/\/refoodlution.com\/ca\/author\/jaume\/\"}]}<\/script>\n<!-- \/ Yoast SEO plugin. -->","yoast_head_json":{"title":"Refoodlution al Gastronomic Forum Barcelona - Refoodlution","description":"Refoodlution participa al Gastronomic Forum Barcelona, connectant amb experts de la restauraci\u00f3 i explorant innovacions que combinen tecnologia i tradici\u00f3 per millorar l&#039;experi\u00e8ncia als restaurants.","robots":{"index":"index","follow":"follow","max-snippet":"max-snippet:-1","max-image-preview":"max-image-preview:large","max-video-preview":"max-video-preview:-1"},"canonical":"https:\/\/refoodlution.com\/ca\/refoodlution-al-gastronomic-forum-barcelona\/","og_locale":"ca_ES","og_type":"article","og_title":"Refoodlution en el Gastronomic Forum Barcelona - Refoodlution","og_description":"Refoodlution participa en el Gastronomic Forum Barcelona, conectando con expertos de la restauraci\u00f3n y explorando innovaciones que combinan tecnolog\u00eda y tradici\u00f3n para mejorar la experiencia en restaurantes.","og_url":"https:\/\/refoodlution.com\/ca\/refoodlution-al-gastronomic-forum-barcelona\/","og_site_name":"Refoodlution","article_published_time":"2024-11-06T16:14:58+00:00","og_image":[{"width":2560,"height":1707,"url":"https:\/\/refoodlution.com\/wp-content\/uploads\/2024\/11\/ambient_stands-29-scaled-1.jpg","type":"image\/jpeg"}],"author":"Jaume","twitter_card":"summary_large_image","twitter_misc":{"Escrit per":"Jaume","Temps estimat de lectura":"2 minuts"},"schema":{"@context":"https:\/\/schema.org","@graph":[{"@type":"WebPage","@id":"https:\/\/refoodlution.com\/refoodlution-en-el-gastronomic-forum-barcelona\/","url":"https:\/\/refoodlution.com\/refoodlution-en-el-gastronomic-forum-barcelona\/","name":"Refoodlution al Gastronomic Forum Barcelona - Refoodlution","isPartOf":{"@id":"https:\/\/refoodlution.com\/en\/#website"},"primaryImageOfPage":{"@id":"https:\/\/refoodlution.com\/refoodlution-en-el-gastronomic-forum-barcelona\/#primaryimage"},"image":{"@id":"https:\/\/refoodlution.com\/refoodlution-en-el-gastronomic-forum-barcelona\/#primaryimage"},"thumbnailUrl":"https:\/\/refoodlution.com\/wp-content\/uploads\/2024\/11\/ambient_stands-29-scaled-1.jpg","datePublished":"2024-11-06T16:14:58+00:00","author":{"@id":"https:\/\/refoodlution.com\/en\/#\/schema\/person\/3965b35f8c0fa5b9ba5b9e32eb0fac7b"},"description":"Refoodlution participa al Gastronomic Forum Barcelona, connectant amb experts de la restauraci\u00f3 i explorant innovacions que combinen tecnologia i tradici\u00f3 per millorar l&#039;experi\u00e8ncia als restaurants.","breadcrumb":{"@id":"https:\/\/refoodlution.com\/refoodlution-en-el-gastronomic-forum-barcelona\/#breadcrumb"},"inLanguage":"ca","potentialAction":[{"@type":"ReadAction","target":["https:\/\/refoodlution.com\/refoodlution-en-el-gastronomic-forum-barcelona\/"]}]},{"@type":"ImageObject","inLanguage":"ca","@id":"https:\/\/refoodlution.com\/refoodlution-en-el-gastronomic-forum-barcelona\/#primaryimage","url":"https:\/\/refoodlution.com\/wp-content\/uploads\/2024\/11\/ambient_stands-29-scaled-1.jpg","contentUrl":"https:\/\/refoodlution.com\/wp-content\/uploads\/2024\/11\/ambient_stands-29-scaled-1.jpg","width":2560,"height":1707},{"@type":"BreadcrumbList","@id":"https:\/\/refoodlution.com\/refoodlution-en-el-gastronomic-forum-barcelona\/#breadcrumb","itemListElement":[{"@type":"ListItem","position":1,"name":"Portada","item":"https:\/\/refoodlution.com\/en\/"},{"@type":"ListItem","position":2,"name":"Refoodlution en el Gastronomic Forum Barcelona"}]},{"@type":"WebSite","@id":"https:\/\/refoodlution.com\/en\/#website","url":"https:\/\/refoodlution.com\/en\/","name":"Refoodlution","description":"Carta Digital","potentialAction":[{"@type":"SearchAction","target":{"@type":"EntryPoint","urlTemplate":"https:\/\/refoodlution.com\/en\/?s={search_term_string}"},"query-input":{"@type":"PropertyValueSpecification","valueRequired":true,"valueName":"search_term_string"}}],"inLanguage":"ca"},{"@type":"Person","@id":"https:\/\/refoodlution.com\/en\/#\/schema\/person\/3965b35f8c0fa5b9ba5b9e32eb0fac7b","name":"Jaume","image":{"@type":"ImageObject","inLanguage":"ca","@id":"https:\/\/refoodlution.com\/en\/#\/schema\/person\/image\/","url":"https:\/\/secure.gravatar.com\/avatar\/0fa49c418d7d2a6262a56849b2d42f222c023874873a170c453585bb33723d3d?s=96&d=mm&r=g","contentUrl":"https:\/\/secure.gravatar.com\/avatar\/0fa49c418d7d2a6262a56849b2d42f222c023874873a170c453585bb33723d3d?s=96&d=mm&r=g","caption":"Jaume"},"url":"https:\/\/refoodlution.com\/ca\/author\/jaume\/"}]}},"_links":{"self":[{"href":"https:\/\/refoodlution.com\/ca\/wp-json\/wp\/v2\/posts\/1871","targetHints":{"allow":["GET"]}}],"collection":[{"href":"https:\/\/refoodlution.com\/ca\/wp-json\/wp\/v2\/posts"}],"about":[{"href":"https:\/\/refoodlution.com\/ca\/wp-json\/wp\/v2\/types\/post"}],"author":[{"embeddable":true,"href":"https:\/\/refoodlution.com\/ca\/wp-json\/wp\/v2\/users\/4"}],"replies":[{"embeddable":true,"href":"https:\/\/refoodlution.com\/ca\/wp-json\/wp\/v2\/comments?post=1871"}],"version-history":[{"count":0,"href":"https:\/\/refoodlution.com\/ca\/wp-json\/wp\/v2\/posts\/1871\/revisions"}],"wp:featuredmedia":[{"embeddable":true,"href":"https:\/\/refoodlution.com\/ca\/wp-json\/wp\/v2\/media\/1873"}],"wp:attachment":[{"href":"https:\/\/refoodlution.com\/ca\/wp-json\/wp\/v2\/media?parent=1871"}],"wp:term":[{"taxonomy":"category","embeddable":true,"href":"https:\/\/refoodlution.com\/ca\/wp-json\/wp\/v2\/categories?post=1871"},{"taxonomy":"post_tag","embeddable":true,"href":"https:\/\/refoodlution.com\/ca\/wp-json\/wp\/v2\/tags?post=1871"}],"curies":[{"name":"wp","href":"https:\/\/api.w.org\/{rel}","templated":true}]}}