{"id":1528,"date":"2020-04-14T11:57:11","date_gmt":"2020-04-14T11:57:11","guid":{"rendered":"https:\/\/refoodlution.com\/?p=1528"},"modified":"2020-04-14T11:57:11","modified_gmt":"2020-04-14T11:57:11","slug":"el-coronavirus-no-vencera-la-gastronomia-espanola","status":"publish","type":"post","link":"https:\/\/refoodlution.com\/es_latam\/el-coronavirus-no-vencera-la-gastronomia-espanola\/","title":{"rendered":"El Coronavirus no vencer\u00e1 nuestra cultura gastron\u00f3mica"},"content":{"rendered":"<div class=\"fusion-fullwidth fullwidth-box fusion-builder-row-1 nonhundred-percent-fullwidth non-hundred-percent-height-scrolling\" style=\"--awb-border-radius-top-left:0px;--awb-border-radius-top-right:0px;--awb-border-radius-bottom-right:0px;--awb-border-radius-bottom-left:0px;--awb-flex-wrap:wrap;\" ><div class=\"fusion-builder-row fusion-row\"><div class=\"fusion-layout-column fusion_builder_column fusion-builder-column-0 fusion_builder_column_1_1 1_1 fusion-one-full fusion-column-first fusion-column-last\" style=\"--awb-bg-size:cover;--awb-margin-bottom:0px;\"><div class=\"fusion-column-wrapper fusion-flex-column-wrapper-legacy\"><div class=\"fusion-text fusion-text-1\"><h2>El Coronavirus no vencer\u00e1 nuestra cultura gastron\u00f3mica<\/h2>\n<p>Se debe analizar la dieta Mediterra\u0301nea desde una perspectiva no solo cultural, sino tambie\u0301n histo\u0301rica y antropolo\u0301gica. Nuestro pan, vino o aceite configuran la identidad de nuestros pueblos y ciudades, y asi\u0301 ha sido a lo largo de miles y miles de an\u0303os.<\/p>\n<\/div><div class=\"fusion-text fusion-text-2\"><p>No es baladi\u0301 considerar nuestra dieta Mediterra\u0301nea como una filosofi\u0301a de vida porque a estos alimentos les acompan\u0303a, tambie\u0301n, un seguido de costumbres como: compartir con los nuestros, disfrutar de largas sobremesas y hasta permitirse \u2014los que puedan\u2014 combinar una buena comida con una larga siesta.<\/p>\n<p>Pero, ma\u0301s alla\u0301 de la dieta Mediterra\u0301nea o las costumbres inherentes a ella, el comer \u2014en si\u0301\u2014 se ha convertido en mucho ma\u0301s que una simple necesidad como dictamina la Real Academia Espan\u0303ola. Los alimentos no son solo \u201cun conjunto de sustancias que los seres vivos comen o beben para subsistir\u201d, se trata de un conjunto de sensaciones que experimentas con los cinco sentidos y que tienen la capacidad de transportarte a un lugar, a un momento o a un recuerdo concreto.<\/p>\n<blockquote>\n<p>Au\u0301n asi\u0301, parece ser que la sociedad actual a veces descuida alg\u00fan aspecto imperdonable, como el acto de compartir la comida con alguien, comer en la mesa y en familia, para dejar paso a un automatismo de comer por comer, de comer porque toca, y\/o de comer en cualquier momento sin darle su merecida importancia.<\/p>\n<\/blockquote>\n<\/div><div class=\"fusion-text fusion-text-3\"><p>El problema que se presenta ante el comensal del siglo XXI es inherente a su naturaleza como persona humana. Nosotros, la gente, estamos tan acostumbrados a ciertas cosas que damos por echo que siempre van a formar parte de nuestra vida, que siempre van a estar alli\u0301 y que nunca van a desaparecer. Pues bien, la historia nos ha demostrado \u2014una vez ma\u0301s\u2014 que no siempre es asi\u0301. Y ahora, viviendo la tra\u0301gica situacio\u0301n de la COVID-19 \u2014que parece dispuesta a quedarse aqui\u0301 durante un peri\u0301odo de tiempo bien largo\u2014 es un claro ejemplo de como podemos perderlo todo en un di\u0301a. Todo aquello que antes no valora\u0301bamos y consideramos \u201cnormal\u201d en nuestras vidas ahora es un \u201cojala\u0301 volver a tenerlo\u201d.<\/p>\n<p>Claro esta\u0301 que una moneda siempre tiene dos caras, asi\u0301 que la supervivencia de nuestro sector de la restauraci\u00f3n esta\u0301 au\u0301n a flote y recuperarlo es un deber de todos. Es ahora que debemos acunar la cocina tradicional. Recuperemos aquel olor al pan amasado comprado en las pequen\u0303as panaderi\u0301as de nuestros pueblos y ciudades. Volvamos a apostar por aquellos supermercados pequen\u0303os que tienen carne de primera calidad, o por los productos del mar frescos pescados por nuestros pescadores del Mediterra\u0301neo. Apostemos por nuestros restaurantes, los de siempre, recuperemos sensaciones, gustos y texturas de antes. Pero tambie\u0301n probemos cosas nuevas \u2014 \u00bfpor que\u0301 no?\u2014 intentemos volver a ese restaurante cuya comida deci\u0301amos que no era nuestro estilo. Compartamos, otra vez, recordando que el ma\u00f1ana es incierto.<\/p>\n<p>As\u00ed que, para concluir, hay algo que debemos preguntaros: \u00bfCu\u00e1nto dese\u00e1is volver a reestablecer esas costumbres tan nuestras, tan mediterr\u00e1neas? Como volver a disfrutar de esas siestas despu\u00e9s de una paella en la costa o como brindar juntos al sol, sentados en una terraza.<\/p>\n<\/div><div class=\"fusion-clearfix\"><\/div><\/div><\/div><\/div><\/div>","protected":false},"excerpt":{"rendered":"","protected":false},"author":4,"featured_media":1529,"comment_status":"open","ping_status":"open","sticky":false,"template":"","format":"standard","meta":{"_joinchat":[],"footnotes":""},"categories":[35],"tags":[],"class_list":["post-1528","post","type-post","status-publish","format-standard","has-post-thumbnail","hentry","category-restaurantes"],"yoast_head":"<!-- This site is optimized with the Yoast SEO plugin v25.7 - https:\/\/yoast.com\/wordpress\/plugins\/seo\/ -->\n<title>El Coronavirus no vencer\u00e1 nuestra cultura gastron\u00f3mica - Refoodlution<\/title>\n<meta name=\"robots\" content=\"index, follow, max-snippet:-1, max-image-preview:large, max-video-preview:-1\" \/>\n<link rel=\"canonical\" href=\"https:\/\/refoodlution.com\/es_latam\/el-coronavirus-no-vencera-la-gastronomia-espanola\/\" \/>\n<meta property=\"og:locale\" content=\"es_ES\" \/>\n<meta property=\"og:type\" content=\"article\" \/>\n<meta property=\"og:title\" content=\"El Coronavirus no vencer\u00e1 nuestra cultura gastron\u00f3mica - Refoodlution\" \/>\n<meta property=\"og:url\" content=\"https:\/\/refoodlution.com\/es_latam\/el-coronavirus-no-vencera-la-gastronomia-espanola\/\" \/>\n<meta property=\"og:site_name\" content=\"Refoodlution\" \/>\n<meta property=\"article:published_time\" content=\"2020-04-14T11:57:11+00:00\" \/>\n<meta property=\"og:image\" content=\"https:\/\/refoodlution.com\/wp-content\/uploads\/2020\/04\/blog-post-134132600-copy-copy.jpg\" \/>\n\t<meta property=\"og:image:width\" content=\"1400\" \/>\n\t<meta property=\"og:image:height\" content=\"844\" \/>\n\t<meta property=\"og:image:type\" content=\"image\/jpeg\" \/>\n<meta name=\"author\" content=\"Jaume\" \/>\n<meta name=\"twitter:card\" content=\"summary_large_image\" \/>\n<meta name=\"twitter:label1\" content=\"Written by\" \/>\n\t<meta name=\"twitter:data1\" content=\"Jaume\" \/>\n\t<meta name=\"twitter:label2\" content=\"Est. reading time\" \/>\n\t<meta name=\"twitter:data2\" content=\"4 minutos\" \/>\n<script type=\"application\/ld+json\" class=\"yoast-schema-graph\">{\"@context\":\"https:\/\/schema.org\",\"@graph\":[{\"@type\":\"WebPage\",\"@id\":\"https:\/\/refoodlution.com\/el-coronavirus-no-vencera-la-gastronomia-espanola\/\",\"url\":\"https:\/\/refoodlution.com\/el-coronavirus-no-vencera-la-gastronomia-espanola\/\",\"name\":\"El Coronavirus no vencer\u00e1 nuestra cultura gastron\u00f3mica - Refoodlution\",\"isPartOf\":{\"@id\":\"https:\/\/refoodlution.com\/en\/#website\"},\"primaryImageOfPage\":{\"@id\":\"https:\/\/refoodlution.com\/el-coronavirus-no-vencera-la-gastronomia-espanola\/#primaryimage\"},\"image\":{\"@id\":\"https:\/\/refoodlution.com\/el-coronavirus-no-vencera-la-gastronomia-espanola\/#primaryimage\"},\"thumbnailUrl\":\"https:\/\/refoodlution.com\/wp-content\/uploads\/2020\/04\/blog-post-134132600-copy-copy.jpg\",\"datePublished\":\"2020-04-14T11:57:11+00:00\",\"author\":{\"@id\":\"https:\/\/refoodlution.com\/en\/#\/schema\/person\/3965b35f8c0fa5b9ba5b9e32eb0fac7b\"},\"breadcrumb\":{\"@id\":\"https:\/\/refoodlution.com\/el-coronavirus-no-vencera-la-gastronomia-espanola\/#breadcrumb\"},\"inLanguage\":\"es-PE\",\"potentialAction\":[{\"@type\":\"ReadAction\",\"target\":[\"https:\/\/refoodlution.com\/el-coronavirus-no-vencera-la-gastronomia-espanola\/\"]}]},{\"@type\":\"ImageObject\",\"inLanguage\":\"es-PE\",\"@id\":\"https:\/\/refoodlution.com\/el-coronavirus-no-vencera-la-gastronomia-espanola\/#primaryimage\",\"url\":\"https:\/\/refoodlution.com\/wp-content\/uploads\/2020\/04\/blog-post-134132600-copy-copy.jpg\",\"contentUrl\":\"https:\/\/refoodlution.com\/wp-content\/uploads\/2020\/04\/blog-post-134132600-copy-copy.jpg\",\"width\":1400,\"height\":844},{\"@type\":\"BreadcrumbList\",\"@id\":\"https:\/\/refoodlution.com\/el-coronavirus-no-vencera-la-gastronomia-espanola\/#breadcrumb\",\"itemListElement\":[{\"@type\":\"ListItem\",\"position\":1,\"name\":\"Portada\",\"item\":\"https:\/\/refoodlution.com\/en\/\"},{\"@type\":\"ListItem\",\"position\":2,\"name\":\"El Coronavirus no vencer\u00e1 nuestra cultura gastron\u00f3mica\"}]},{\"@type\":\"WebSite\",\"@id\":\"https:\/\/refoodlution.com\/en\/#website\",\"url\":\"https:\/\/refoodlution.com\/en\/\",\"name\":\"Refoodlution\",\"description\":\"Carta Digital\",\"potentialAction\":[{\"@type\":\"SearchAction\",\"target\":{\"@type\":\"EntryPoint\",\"urlTemplate\":\"https:\/\/refoodlution.com\/en\/?s={search_term_string}\"},\"query-input\":{\"@type\":\"PropertyValueSpecification\",\"valueRequired\":true,\"valueName\":\"search_term_string\"}}],\"inLanguage\":\"es-PE\"},{\"@type\":\"Person\",\"@id\":\"https:\/\/refoodlution.com\/en\/#\/schema\/person\/3965b35f8c0fa5b9ba5b9e32eb0fac7b\",\"name\":\"Jaume\",\"image\":{\"@type\":\"ImageObject\",\"inLanguage\":\"es-PE\",\"@id\":\"https:\/\/refoodlution.com\/en\/#\/schema\/person\/image\/\",\"url\":\"https:\/\/secure.gravatar.com\/avatar\/0fa49c418d7d2a6262a56849b2d42f222c023874873a170c453585bb33723d3d?s=96&d=mm&r=g\",\"contentUrl\":\"https:\/\/secure.gravatar.com\/avatar\/0fa49c418d7d2a6262a56849b2d42f222c023874873a170c453585bb33723d3d?s=96&d=mm&r=g\",\"caption\":\"Jaume\"},\"url\":\"https:\/\/refoodlution.com\/es_latam\/author\/jaume\/\"}]}<\/script>\n<!-- \/ Yoast SEO plugin. -->","yoast_head_json":{"title":"El Coronavirus no vencer\u00e1 nuestra cultura gastron\u00f3mica - Refoodlution","robots":{"index":"index","follow":"follow","max-snippet":"max-snippet:-1","max-image-preview":"max-image-preview:large","max-video-preview":"max-video-preview:-1"},"canonical":"https:\/\/refoodlution.com\/es_latam\/el-coronavirus-no-vencera-la-gastronomia-espanola\/","og_locale":"es_ES","og_type":"article","og_title":"El Coronavirus no vencer\u00e1 nuestra cultura gastron\u00f3mica - Refoodlution","og_url":"https:\/\/refoodlution.com\/es_latam\/el-coronavirus-no-vencera-la-gastronomia-espanola\/","og_site_name":"Refoodlution","article_published_time":"2020-04-14T11:57:11+00:00","og_image":[{"width":1400,"height":844,"url":"https:\/\/refoodlution.com\/wp-content\/uploads\/2020\/04\/blog-post-134132600-copy-copy.jpg","type":"image\/jpeg"}],"author":"Jaume","twitter_card":"summary_large_image","twitter_misc":{"Written by":"Jaume","Est. reading time":"4 minutos"},"schema":{"@context":"https:\/\/schema.org","@graph":[{"@type":"WebPage","@id":"https:\/\/refoodlution.com\/el-coronavirus-no-vencera-la-gastronomia-espanola\/","url":"https:\/\/refoodlution.com\/el-coronavirus-no-vencera-la-gastronomia-espanola\/","name":"El Coronavirus no vencer\u00e1 nuestra cultura gastron\u00f3mica - Refoodlution","isPartOf":{"@id":"https:\/\/refoodlution.com\/en\/#website"},"primaryImageOfPage":{"@id":"https:\/\/refoodlution.com\/el-coronavirus-no-vencera-la-gastronomia-espanola\/#primaryimage"},"image":{"@id":"https:\/\/refoodlution.com\/el-coronavirus-no-vencera-la-gastronomia-espanola\/#primaryimage"},"thumbnailUrl":"https:\/\/refoodlution.com\/wp-content\/uploads\/2020\/04\/blog-post-134132600-copy-copy.jpg","datePublished":"2020-04-14T11:57:11+00:00","author":{"@id":"https:\/\/refoodlution.com\/en\/#\/schema\/person\/3965b35f8c0fa5b9ba5b9e32eb0fac7b"},"breadcrumb":{"@id":"https:\/\/refoodlution.com\/el-coronavirus-no-vencera-la-gastronomia-espanola\/#breadcrumb"},"inLanguage":"es-PE","potentialAction":[{"@type":"ReadAction","target":["https:\/\/refoodlution.com\/el-coronavirus-no-vencera-la-gastronomia-espanola\/"]}]},{"@type":"ImageObject","inLanguage":"es-PE","@id":"https:\/\/refoodlution.com\/el-coronavirus-no-vencera-la-gastronomia-espanola\/#primaryimage","url":"https:\/\/refoodlution.com\/wp-content\/uploads\/2020\/04\/blog-post-134132600-copy-copy.jpg","contentUrl":"https:\/\/refoodlution.com\/wp-content\/uploads\/2020\/04\/blog-post-134132600-copy-copy.jpg","width":1400,"height":844},{"@type":"BreadcrumbList","@id":"https:\/\/refoodlution.com\/el-coronavirus-no-vencera-la-gastronomia-espanola\/#breadcrumb","itemListElement":[{"@type":"ListItem","position":1,"name":"Portada","item":"https:\/\/refoodlution.com\/en\/"},{"@type":"ListItem","position":2,"name":"El Coronavirus no vencer\u00e1 nuestra cultura gastron\u00f3mica"}]},{"@type":"WebSite","@id":"https:\/\/refoodlution.com\/en\/#website","url":"https:\/\/refoodlution.com\/en\/","name":"Refoodlution","description":"Carta Digital","potentialAction":[{"@type":"SearchAction","target":{"@type":"EntryPoint","urlTemplate":"https:\/\/refoodlution.com\/en\/?s={search_term_string}"},"query-input":{"@type":"PropertyValueSpecification","valueRequired":true,"valueName":"search_term_string"}}],"inLanguage":"es-PE"},{"@type":"Person","@id":"https:\/\/refoodlution.com\/en\/#\/schema\/person\/3965b35f8c0fa5b9ba5b9e32eb0fac7b","name":"Jaume","image":{"@type":"ImageObject","inLanguage":"es-PE","@id":"https:\/\/refoodlution.com\/en\/#\/schema\/person\/image\/","url":"https:\/\/secure.gravatar.com\/avatar\/0fa49c418d7d2a6262a56849b2d42f222c023874873a170c453585bb33723d3d?s=96&d=mm&r=g","contentUrl":"https:\/\/secure.gravatar.com\/avatar\/0fa49c418d7d2a6262a56849b2d42f222c023874873a170c453585bb33723d3d?s=96&d=mm&r=g","caption":"Jaume"},"url":"https:\/\/refoodlution.com\/es_latam\/author\/jaume\/"}]}},"_links":{"self":[{"href":"https:\/\/refoodlution.com\/es_latam\/wp-json\/wp\/v2\/posts\/1528","targetHints":{"allow":["GET"]}}],"collection":[{"href":"https:\/\/refoodlution.com\/es_latam\/wp-json\/wp\/v2\/posts"}],"about":[{"href":"https:\/\/refoodlution.com\/es_latam\/wp-json\/wp\/v2\/types\/post"}],"author":[{"embeddable":true,"href":"https:\/\/refoodlution.com\/es_latam\/wp-json\/wp\/v2\/users\/4"}],"replies":[{"embeddable":true,"href":"https:\/\/refoodlution.com\/es_latam\/wp-json\/wp\/v2\/comments?post=1528"}],"version-history":[{"count":0,"href":"https:\/\/refoodlution.com\/es_latam\/wp-json\/wp\/v2\/posts\/1528\/revisions"}],"wp:featuredmedia":[{"embeddable":true,"href":"https:\/\/refoodlution.com\/es_latam\/wp-json\/wp\/v2\/media\/1529"}],"wp:attachment":[{"href":"https:\/\/refoodlution.com\/es_latam\/wp-json\/wp\/v2\/media?parent=1528"}],"wp:term":[{"taxonomy":"category","embeddable":true,"href":"https:\/\/refoodlution.com\/es_latam\/wp-json\/wp\/v2\/categories?post=1528"},{"taxonomy":"post_tag","embeddable":true,"href":"https:\/\/refoodlution.com\/es_latam\/wp-json\/wp\/v2\/tags?post=1528"}],"curies":[{"name":"wp","href":"https:\/\/api.w.org\/{rel}","templated":true}]}}